{"id":4669,"date":"2022-12-08T18:37:47","date_gmt":"2022-12-08T20:37:47","guid":{"rendered":"https:\/?p=4669"},"modified":"2022-12-08T18:38:17","modified_gmt":"2022-12-08T20:38:17","slug":"ods-5-igualdade-de-genero-a-situacao-do-brasil-e-as-solucoes-da-gol-de-letra","status":"publish","type":"post","link":"https:\/\/goldeletra.org.br\/en\/ods-5-igualdade-de-genero-a-situacao-do-brasil-e-as-solucoes-da-gol-de-letra\/","title":{"rendered":"ODS 5 \u2013 Igualdade de G\u00eanero: a situa\u00e7\u00e3o do Brasil e as solu\u00e7\u00f5es da Gol de Letra"},"content":{"rendered":"\n<figure class=\"wp-block-image\"><img loading=\"lazy\" decoding=\"async\" width=\"710\" height=\"468\" src=\"https:\/\/goldeletra.org.br\/wp-content\/uploads\/2022\/12\/2022-12-08-15_10_03-Caixa-de-Entrada-barbara.mangieri@goldeletra.org_.br-Outlook.png\" alt=\"\" class=\"wp-image-4670\" srcset=\"https:\/\/goldeletra.org.br\/wp-content\/uploads\/2022\/12\/2022-12-08-15_10_03-Caixa-de-Entrada-barbara.mangieri@goldeletra.org_.br-Outlook.png 710w, https:\/\/goldeletra.org.br\/wp-content\/uploads\/2022\/12\/2022-12-08-15_10_03-Caixa-de-Entrada-barbara.mangieri@goldeletra.org_.br-Outlook-300x198.png 300w\" sizes=\"auto, (max-width: 710px) 100vw, 710px\" \/><\/figure>\n\n\n\n<p>\u201cAlcan\u00e7ar a igualdade de g\u00eanero e empoderar todas\nas mulheres e meninas\u201d \u00e9 a defini\u00e7\u00e3o do 5\u00ba Objetivo para um Desenvolvimento\nSustent\u00e1vel (ODS) da Organiza\u00e7\u00e3o das Na\u00e7\u00f5es Unidas (ONU). A igualdade de g\u00eanero\nn\u00e3o \u00e9 apenas um dos 17 ODSs propostos, mas um pilar para que todos os outros\nsejam alcan\u00e7ados.<\/p>\n\n\n\n<p>Os objetivos s\u00e3o globais, ou seja, todos os pa\u00edses\nsignat\u00e1rios da ONU se comprometeram a cumpri-los, e cada lugar est\u00e1 mais ou\nmenos avan\u00e7ado em diferentes quest\u00f5es. Quando olhamos especificamente para a\nsitua\u00e7\u00e3o do Brasil, vemos que a situa\u00e7\u00e3o do pa\u00eds \u00e9 bem preocupante.<\/p>\n\n\n\n<p>Dados do Relat\u00f3rio Luz 2021 mostram que o Brasil\nn\u00e3o apresenta progresso satisfat\u00f3rio em nenhuma das 169 metas dos 17 ODSs. Das\n169 metas, 54,4% est\u00e3o em retrocesso, 16% estagnadas, 12,4% amea\u00e7adas e 7,7%\nmostram progresso insuficiente.<\/p>\n\n\n\n<p>A ODS5 \u2013 Igualdade de G\u00eanero, \u00e9 um objetivo que se\ndesdobra em 9 metas mais espec\u00edficas, que tratam de viol\u00eancia, reconhecimento\ndo trabalho de cuidado e dom\u00e9stico, igualdade de oportunidades e outros. E o\nBrasil tem muito a avan\u00e7ar em cada uma delas. Abaixo, apresentamos as metas e a\nsitua\u00e7\u00e3o do Brasil em rela\u00e7\u00e3o a elas:<\/p>\n\n\n\n<p><strong>5.1 Acabar\ncom todas as formas de discrimina\u00e7\u00e3o contra todas as mulheres e meninas em toda\nparte<\/strong><\/p>\n\n\n\n<p><strong>5.2 Eliminar\ntodas as formas de viol\u00eancia contra todas as mulheres e meninas nas esferas\np\u00fablicas e privadas, incluindo o tr\u00e1fico e explora\u00e7\u00e3o sexual e de outros tipos.<\/strong><\/p>\n\n\n\n<p>Em 2018 uma a cada quatro mulheres sofreu algum\ntipo de viol\u00eancia e na maioria das vezes (76,4%) o agressor era conhecido da\nv\u00edtima, segundo o relat\u00f3rio \u201cVis\u00edvel e invis\u00edvel: a vitimiza\u00e7\u00e3o de mulheres no\nBrasil\u201d. Segundo a ONG Plan International Brasil, s\u00e3o 12 registros de viol\u00eancia\na cada hora no pa\u00eds.<\/p>\n\n\n\n<p>Falando especificamente de tr\u00e1fico e explora\u00e7\u00e3o\nsexual, dados do Disque 100 mostram que mais da metade das v\u00edtimas (50,1%) s\u00e3o\nmeninas e adolescentes, e outros 24,9% s\u00e3o mulheres adultas.<\/p>\n\n\n\n<p><strong>5.3 Eliminar\ntodas as pr\u00e1ticas nocivas, como os casamentos prematuros, for\u00e7ados e de\ncrian\u00e7as e mutila\u00e7\u00f5es genitais femininas<\/strong><\/p>\n\n\n\n<p>O Brasil ocupa o quarto lugar no ranking mundial em\ncasamentos infantis, perdendo apenas para \u00cdndia, Bangladesh e Nig\u00e9ria. A\npr\u00e1tica \u00e9 proibida no brasil desde a aprova\u00e7\u00e3o da Lei 13.801, em 2019. Menores\nde 16 anos, nem com autoriza\u00e7\u00e3o dos pais, t\u00eam direito ao casamento civil e\nreligioso. Na pr\u00e1tica, por\u00e9m, 26% das crian\u00e7as brasileiras se casam antes dos\n18 anos, enquanto 6% antes dos 15. Os dados s\u00e3o de 2021, disponibilizados pela\nUNICEF.<\/p>\n\n\n\n<p><strong>5.4\nreconhecer e valorizar o trabalho de assist\u00eancia e dom\u00e9stico n\u00e3o remunerado,\npor meio da disponibiliza\u00e7\u00e3o de servi\u00e7os p\u00fablicos, infraestrutura e pol\u00edticas\nde prote\u00e7\u00e3o social, bem como a promo\u00e7\u00e3o da responsabilidade compartilhada\ndentro do lar e da fam\u00edlia, conforme os contextos nacionais<\/strong><\/p>\n\n\n\n<p>Segundo site ODS Brasil, que registra os\nindicadores do pa\u00eds em rela\u00e7\u00e3o aos objetivos, as mulheres dedicam o dobro de\ntempo a tarefas dom\u00e9sticas e de assist\u00eancia n\u00e3o remuneradas. S\u00e3o 20,9 horas\nsemanais das vidas delas dedicadas a esses trabalhos, contra 10,8 horas\ndedicadas pelos homens.<\/p>\n\n\n\n<p><strong>5.5 Garantir\na participa\u00e7\u00e3o plena e efetiva das mulheres e a igualdade de oportunidades para\na lideran\u00e7a em todos os n\u00edveis de tomada de decis\u00e3o na vida pol\u00edtica, econ\u00f4mica\ne p\u00fablica<\/strong><\/p>\n\n\n\n<p>O mesmo site (ODS Brasil) informa uma desigualdade\nalarmante na quantidade de mulheres em cargos de lideran\u00e7a, tanto na esfera\np\u00fablico quando privada. Na C\u00e2mara dos Deputados, as mulheres ocupam apenas 91\ndos 513 assentos do parlamento. Nas C\u00e2maras de Vereadores Brasil afora, elas\ns\u00e3o apenas 26%.<\/p>\n\n\n\n<p>No setor privado, um levantamento do Instituto\nBrasileiro de Geografia e Estat\u00edstica (IBGE) publicado em 2021 apontou que 63%\ndos cargos gerenciais s\u00e3o ocupados por homens. As mulheres atuam somente em 37%.<\/p>\n\n\n\n<p><strong>5.6\nAssegurar o acesso universal \u00e0 sa\u00fade sexual e reprodutiva e os direitos\nreprodutivos, como acordado em conformidade com o Programa de A\u00e7\u00e3o da\nConfer\u00eancia Internacional sobre Popula\u00e7\u00e3o e Desenvolvimento e com a Plataforma\nde A\u00e7\u00e3o de Pequim e os documentos resultantes de suas confer\u00eancias de revis\u00e3o.<\/strong><\/p>\n\n\n\n<p>A taxa de gesta\u00e7\u00e3o na adolesc\u00eancia no Brasil (400\nmil casos por ano), o n\u00famero crescente de meninas e mulheres contraindo\nInfec\u00e7\u00f5es Sexualmente Transmiss\u00edveis (ISTs) e a recusa do atual governo em\ndebater educa\u00e7\u00e3o sexual nas escolas mostra que o acesso \u00e0 sa\u00fade sexual e\nreprodutiva \u00e9 uma meta que est\u00e1 longe de ser alcan\u00e7ada no Brasil.<\/p>\n\n\n\n<p><strong>5.a Realizar\nreformas para dar \u00e0s mulheres direitos iguais aos recursos econ\u00f4micos, bem como\no acesso a propriedade e controle sobre a terra e outras formas de propriedade,\nservi\u00e7os financeiros, heran\u00e7a e os recursos naturais, de acordo com as leis\nnacionais<\/strong><\/p>\n\n\n\n<p>O Brasil se encontra entre as \u00faltimas posi\u00e7\u00f5es do\nranking internacional de igualdade salarial, segundo o relat\u00f3rio Global Gender\nGap Report de 2020. Em 2021, a diferen\u00e7a salarial entre mulheres e homens que\nexercem a mesma fun\u00e7\u00e3o aumentou de 20,7% para 22%.<\/p>\n\n\n\n<p>Al\u00e9m disso, a maioria dos pobres no Brasil s\u00e3o\nmulheres negras. Um estudo publicado pelo Made-USP (Centro de Pesquisa em\nMacroeconomia das Desigualdades da FEA-USP) mostra que 38% das mulheres negras\nno Brasil est\u00e3o abaixo da linha da pobreza. A extrema pobreza atinge 12,3%\ndessa popula\u00e7\u00e3o.<\/p>\n\n\n\n<p><strong>5b Aumentar\no uso de tecnologias de base, em particular as tecnologias de informa\u00e7\u00e3o e\ncomunica\u00e7\u00e3o, para promover o empoderamento das mulheres<\/strong><\/p>\n\n\n\n<p><strong>5.c Adotar e\nfortalecer pol\u00edticas s\u00f3lidas e legisla\u00e7\u00e3o aplic\u00e1vel para a promo\u00e7\u00e3o da\nigualdade de g\u00eanero e o empoderamento de todas as mulheres e meninas em todos\nos n\u00edveis<\/strong><\/p>\n\n\n\n<p>Em 2021, o Minist\u00e9rio da Mulher, da Fam\u00edlia e dos\nDireitos Humanos deixou de executar 38,7% dos quase R$ 400 milh\u00f5es autorizados\npara 2021. O valor, de acordo com a ONG Plan International Brasil, j\u00e1 era\ninsuficiente para enfrentar um quadro de aumento de viol\u00eancia contra mulheres\nno pa\u00eds.<\/p>\n\n\n\n<p><strong>Como a Gol\nde Letra est\u00e1 enfrentando o problema?<\/strong><\/p>\n\n\n\n<p>Por aqui, a igualdade de g\u00eanero \u00e9 um tema levado\nmuito a s\u00e9rio. Al\u00e9m de abordarmos o tema com a equipe, os atendidos de todas as\nfaixas et\u00e1rias e seus familiares, e incentivarmos e garantirmos 50% de\nparticipa\u00e7\u00e3o feminina na maior parte das atividades oferecidas na Funda\u00e7\u00e3o,\nainda temos projetos espec\u00edficos que tratam da tem\u00e1tica.<\/p>\n\n\n\n<p>O projeto <strong>Sexualidade\nem A\u00e7\u00e3o<\/strong> se prop\u00f5e a desenvolver as tem\u00e1ticas de g\u00eanero, sa\u00fade e cidadania\nde forma transversal ao conte\u00fado curricular b\u00e1sico das escolas parceiras com as\nquais trabalhamos e tamb\u00e9m nos programas da Gol de Letra. Para isso s\u00e3o\nrealizadas oficinas de forma\u00e7\u00e3o para adolescentes e jovens e para educadores e\nprofessores, al\u00e9m de supervis\u00e3o da equipe escolar e encontros com as fam\u00edlias.<\/p>\n\n\n\n<p>Entre os resultados desse projeto, podemos citar a\nconstru\u00e7\u00e3o de uma cartilha sobre viol\u00eancia, a publica\u00e7\u00e3o \u201cViol\u00eancia Dom\u00e9stica e\nSexual contra Crian\u00e7as e Adolescentes &#8211; Diga N\u00e3o!\u201d. Voc\u00ea pode acessar a\ncartilha <a href=\"https:\/\/goldeletra.org.br\/wp-content\/uploads\/2020\/06\/violencia-domestica.pdf\">clicando\naqui<\/a>. <\/p>\n\n\n\n<p>Tamb\u00e9m contamos com o projeto <strong>Esporte e G\u00eanero<\/strong>, que visa estimular a participa\u00e7\u00e3o e o\nprotagonismo das meninas em atividades esportivas. Os temas abordados \u2013 g\u00eanero\ne diversidade, direitos sexuais e reprodutivos, autoestima, comunica\u00e7\u00e3o e\nlideran\u00e7a \u2013 s\u00e3o apresentados de forma l\u00fadica dentro das atividades esportivas.\nEmpoderadas e com autoestima elevada, elas desenvolvem maiores perspectivas de\nescolariza\u00e7\u00e3o, amplia\u00e7\u00e3o de repert\u00f3rio e oportunidades para escolhas pessoais e\nprofissionais.<\/p>\n\n\n\n<p>Este projeto j\u00e1 \u00e9 consolidado na Funda\u00e7\u00e3o e possui\numa publica\u00e7\u00e3o pr\u00f3pria onde compartilhamos nossas experi\u00eancias com o tema,\nnosso \u201cmodo de fazer\u201d e alguns resultados percebidos. Consulte o material <a href=\"https:\/\/sitegoldeletra.azurewebsites.net\/wp-content\/uploads\/2020\/10\/Projeto_Esporte_Genero_FGL.pdf\">clicando\naqui<\/a>. <\/p>\n\n\n\n<p>A forma\u00e7\u00e3o de lideran\u00e7as femininas nas comunidades\natendidas tamb\u00e9m \u00e9 importante para a Gol de Letra, e por isso contamos com o\nprojeto de <strong>Forma\u00e7\u00e3o de Agentes Sociais<\/strong>.\nAtrav\u00e9s dele, contribu\u00edmos para o desenvolvimento pessoal de mulheres da\ncomunidade, capacitando-as para vislumbrar novas perspectivas de projeto de\nvida e para que se tornem multiplicadoras de conhecimentos e atitudes\nrelacionados \u00e0 equidade de g\u00eanero, combate \u00e0 viol\u00eancia, diversidade, ra\u00e7a,\ndireitos humanos, mercado de trabalho, inclus\u00e3o digital e outros temas.<\/p>\n\n\n\n<p>O projeto foi recentemente sistematizado atrav\u00e9s da\npublica\u00e7\u00e3o <a href=\"https:\/\/goldeletra.org.br\/wp-content\/uploads\/2021\/08\/GDL_publicacao_forma%C3%A7%C3%A3o-agentes_1705.pdf\">\u201cCartilha\nde Orienta\u00e7\u00e3o \u2013 Forma\u00e7\u00e3o de Agentes Sociais\u201d<\/a> e, a partir desse trabalho,\nforam constru\u00eddas outras publica\u00e7\u00f5es importantes sobre o tema, como a cartilha\nde orienta\u00e7\u00e3o <a href=\"https:\/\/goldeletra.org.br\/wp-content\/uploads\/2021\/08\/GDL_publicacao_violencia-de-genero_1608.pdf\">\u201cViol\u00eancia\nde G\u00eanero \u2013 voc\u00eas n\u00e3o est\u00e3o sozinhas\u201d<\/a>, que traz informa\u00e7\u00f5es para\nidentificar e denunciar a viol\u00eancia contra as mulheres; a publica\u00e7\u00e3o <a href=\"https:\/\/issuu.com\/goldeletrabr\/docs\/gdl_publicacao_agentes_sociais_arte_final\">\u201cNossos\nNovos Dias\u201d,<\/a> sobre a forma\u00e7\u00e3o das agentes durante o per\u00edodo de pandemia da\ncovid-19; e o livro <a href=\"https:\/\/goldeletra.org.br\/wp-content\/uploads\/2022\/04\/GDL_publicacao_agentes-sociais_1512-1.pdf\">\u201cA\npr\u00e1xis no processo formativo de Agentes Sociais \u2013 viv\u00eancias art\u00edsticas como\npossibilidade de supera\u00e7\u00e3o das viol\u00eancias\u201d<\/a>, que mostra o empoderamento\ndesse grupo de mulheres atrav\u00e9s da arte.<\/p>\n\n\n\n<p>Os n\u00fameros mostram um desafio imenso para que o Brasil atinja a ODS5 at\u00e9 2030. O trabalho da Funda\u00e7\u00e3o Gol de Letra \u00e9 uma gota em um oceano de problemas relacionados ao tema, mas sem ele o Brasil estaria ainda mais longe de atingir esse e outros objetivos.<\/p>\n\n\n\n<p><strong><em>Por B\u00e1rbara N\u00f3brega Mangieri<\/em><\/strong><\/p>\n\n\n\n<p><em>Fontes: <\/em><a href=\"https:\/\/odsbrasil.gov.br\/objetivo\/objetivo?n=5\"><em>Indicadores Brasileiros para as ODS<\/em><\/a><em>; <\/em><a href=\"https:\/\/brasilnaagenda2030.files.wordpress.com\/2018\/07\/relatorio-sicc81ntese_final_download.pdf\"><em>Relat\u00f3rio Luz 2021<\/em><\/a><em>, da Agenda 2030; Atlas <\/em><a href=\"https:\/\/www.girlsnotbrides.org\/learning-resources\/child-marriage-atlas\/atlas\/\"><em>\u201cGirls not Brides\u201d,<\/em><\/a><em> da UNICEF; <\/em><a href=\"https:\/\/plan.org.br\/wp-content\/uploads\/2019\/07\/Tirando-o-veu-estudo-casamento-infantil-no-brasil-plan-international.pdf\"><em>Estudo \u201cTirando o V\u00e9u\u201d<\/em><\/a><em>, da Plan International Brasil; <\/em><a href=\"https:\/\/madeusp.com.br\/publicacoes\/artigos\/genero-e-raca-em-evidencia-durante-a-pandemia-no-brasil-o-impacto-do-auxilio-emergencial-na-pobreza-e-extrema-pobreza\/\"><em>\u201cNPE 10: G\u00eanero e ra\u00e7a em evid\u00eancia durante a pandemia no Brasil: o impacto do Aux\u00edlio Emergencial na pobreza e extrema pobreza\u201d<\/em><\/a><em>, do Made-USP; <\/em><a href=\"https:\/\/www.ibge.gov.br\/estatisticas\/sociais\/saude\/9221-sintese-de-indicadores-sociais.html?=&#038;t=resultados\"><em>S\u00ednteses dos Indicadores Sociais (SIS)<\/em><\/a><em>, do IBGE; Relat\u00f3rio <\/em><a href=\"https:\/\/www.worldbank.org\/pt\/news\/press-release\/2022\/03\/01\/nearly-2-4-billion-women-globally-don-t-have-same-economic-rights-as-men\"><em>\u201cMulheres, Empresas e o Direito 2022\u201d<\/em><\/a><em>, do Banco Mundial; <\/em><a href=\"https:\/\/www.bbc.com\/portuguese\/brasil-46655125\"><em>BBC Brasil<\/em><\/a><em>; Dados do <\/em><a href=\"https:\/\/www.gov.br\/mdh\/pt-br\/assuntos\/noticias\/2021\/julho\/criancas-adolescentes-e-mulheres-sao-75-das-vitimas-do-trafico-de-pessoas-apontam-dados-do-disque-100\"><em>Disque 100<\/em><\/a><em>, da Ag\u00eancia Brasil; <\/em><\/p>\n\n\n\n<figure class=\"wp-block-image\"><img loading=\"lazy\" decoding=\"async\" width=\"1024\" height=\"336\" src=\"https:\/\/goldeletra.org.br\/wp-content\/uploads\/2022\/06\/Rodap\u00e9_Junho-e-Dezembro-1024x336.png\" alt=\"\" class=\"wp-image-4450\" srcset=\"https:\/\/goldeletra.org.br\/wp-content\/uploads\/2022\/06\/Rodap\u00e9_Junho-e-Dezembro-1024x336.png 1024w, https:\/\/goldeletra.org.br\/wp-content\/uploads\/2022\/06\/Rodap\u00e9_Junho-e-Dezembro-300x98.png 300w, https:\/\/goldeletra.org.br\/wp-content\/uploads\/2022\/06\/Rodap\u00e9_Junho-e-Dezembro-768x252.png 768w\" sizes=\"auto, (max-width: 1024px) 100vw, 1024px\" \/><\/figure>\n","protected":false},"excerpt":{"rendered":"<p>\u201cAlcan\u00e7ar a igualdade de g\u00eanero e empoderar todas as mulheres e meninas\u201d \u00e9 a defini\u00e7\u00e3o do 5\u00ba Objetivo para um Desenvolvimento Sustent\u00e1vel (ODS) da Organiza\u00e7\u00e3o das Na\u00e7\u00f5es Unidas (ONU). A igualdade de g\u00eanero n\u00e3o \u00e9 apenas um dos 17 ODSs propostos, mas um pilar para que todos os outros sejam alcan\u00e7ados. Os objetivos s\u00e3o globais, [&hellip;]<\/p>\n","protected":false},"author":4,"featured_media":4670,"comment_status":"open","ping_status":"open","sticky":false,"template":"","format":"standard","meta":{"inline_featured_image":false,"footnotes":""},"categories":[1],"tags":[],"class_list":["post-4669","post","type-post","status-publish","format-standard","has-post-thumbnail","hentry","category-sem-categoria"],"yoast_head":"<!-- This site is optimized with the Yoast SEO plugin v26.6 - https:\/\/yoast.com\/wordpress\/plugins\/seo\/ -->\n<title>ODS 5 \u2013 Igualdade de G\u00eanero: a situa\u00e7\u00e3o do Brasil e as solu\u00e7\u00f5es da Gol de Letra<\/title>\n<meta name=\"robots\" content=\"index, follow, max-snippet:-1, max-image-preview:large, max-video-preview:-1\" \/>\n<link rel=\"canonical\" href=\"https:\/\/goldeletra.org.br\/en\/ods-5-igualdade-de-genero-a-situacao-do-brasil-e-as-solucoes-da-gol-de-letra\/\" \/>\n<meta property=\"og:locale\" content=\"en_US\" \/>\n<meta property=\"og:locale:alternate\" content=\"pt_BR\" \/>\n<meta property=\"og:locale:alternate\" content=\"fr\" \/>\n<meta property=\"og:type\" content=\"article\" \/>\n<meta property=\"og:title\" content=\"ODS 5 \u2013 Igualdade de G\u00eanero: a situa\u00e7\u00e3o do Brasil e as solu\u00e7\u00f5es da Gol de Letra\" \/>\n<meta property=\"og:description\" content=\"\u201cAlcan\u00e7ar a igualdade de g\u00eanero e empoderar todas as mulheres e meninas\u201d \u00e9 a defini\u00e7\u00e3o do 5\u00ba Objetivo para um Desenvolvimento Sustent\u00e1vel (ODS) da Organiza\u00e7\u00e3o das Na\u00e7\u00f5es Unidas (ONU). A igualdade de g\u00eanero n\u00e3o \u00e9 apenas um dos 17 ODSs propostos, mas um pilar para que todos os outros sejam alcan\u00e7ados. Os objetivos s\u00e3o globais, [&hellip;]\" \/>\n<meta property=\"og:url\" content=\"https:\/\/goldeletra.org.br\/en\/ods-5-igualdade-de-genero-a-situacao-do-brasil-e-as-solucoes-da-gol-de-letra\/\" \/>\n<meta property=\"og:site_name\" content=\"Funda\u00e7\u00e3o Gol de Letra\" \/>\n<meta property=\"article:publisher\" content=\"https:\/\/www.facebook.com\/FundacaoGolDeLetra\" \/>\n<meta property=\"article:published_time\" content=\"2022-12-08T20:37:47+00:00\" \/>\n<meta property=\"article:modified_time\" content=\"2022-12-08T20:38:17+00:00\" \/>\n<meta property=\"og:image\" content=\"https:\/\/goldeletra.org.br\/wp-content\/uploads\/2022\/12\/2022-12-08-15_10_03-Caixa-de-Entrada-barbara.mangieri@goldeletra.org_.br-Outlook.png\" \/>\n\t<meta property=\"og:image:width\" content=\"710\" \/>\n\t<meta property=\"og:image:height\" content=\"468\" \/>\n\t<meta property=\"og:image:type\" content=\"image\/png\" \/>\n<meta name=\"author\" content=\"Comunica\u00e7\u00e3o SP\" \/>\n<meta name=\"twitter:card\" content=\"summary_large_image\" \/>\n<meta name=\"twitter:label1\" content=\"Written by\" \/>\n\t<meta name=\"twitter:data1\" content=\"Comunica\u00e7\u00e3o SP\" \/>\n\t<meta name=\"twitter:label2\" content=\"Est. reading time\" \/>\n\t<meta name=\"twitter:data2\" content=\"8 minutes\" \/>\n<script type=\"application\/ld+json\" class=\"yoast-schema-graph\">{\"@context\":\"https:\/\/schema.org\",\"@graph\":[{\"@type\":\"Article\",\"@id\":\"https:\/\/goldeletra.org.br\/ods-5-igualdade-de-genero-a-situacao-do-brasil-e-as-solucoes-da-gol-de-letra\/#article\",\"isPartOf\":{\"@id\":\"https:\/\/goldeletra.org.br\/ods-5-igualdade-de-genero-a-situacao-do-brasil-e-as-solucoes-da-gol-de-letra\/\"},\"author\":{\"name\":\"Comunica\u00e7\u00e3o SP\",\"@id\":\"https:\/\/goldeletra.org.br\/#\/schema\/person\/707d8397415f8ddcdfffa10e2a690603\"},\"headline\":\"ODS 5 \u2013 Igualdade de G\u00eanero: a situa\u00e7\u00e3o do Brasil e as solu\u00e7\u00f5es da Gol de Letra\",\"datePublished\":\"2022-12-08T20:37:47+00:00\",\"dateModified\":\"2022-12-08T20:38:17+00:00\",\"mainEntityOfPage\":{\"@id\":\"https:\/\/goldeletra.org.br\/ods-5-igualdade-de-genero-a-situacao-do-brasil-e-as-solucoes-da-gol-de-letra\/\"},\"wordCount\":1672,\"commentCount\":0,\"publisher\":{\"@id\":\"https:\/\/goldeletra.org.br\/#organization\"},\"image\":{\"@id\":\"https:\/\/goldeletra.org.br\/ods-5-igualdade-de-genero-a-situacao-do-brasil-e-as-solucoes-da-gol-de-letra\/#primaryimage\"},\"thumbnailUrl\":\"https:\/\/goldeletra.org.br\/wp-content\/uploads\/2022\/12\/2022-12-08-15_10_03-Caixa-de-Entrada-barbara.mangieri@goldeletra.org_.br-Outlook.png\",\"articleSection\":[\"Sem categoria\"],\"inLanguage\":\"en-US\",\"potentialAction\":[{\"@type\":\"CommentAction\",\"name\":\"Comment\",\"target\":[\"https:\/\/goldeletra.org.br\/ods-5-igualdade-de-genero-a-situacao-do-brasil-e-as-solucoes-da-gol-de-letra\/#respond\"]}]},{\"@type\":\"WebPage\",\"@id\":\"https:\/\/goldeletra.org.br\/ods-5-igualdade-de-genero-a-situacao-do-brasil-e-as-solucoes-da-gol-de-letra\/\",\"url\":\"https:\/\/goldeletra.org.br\/ods-5-igualdade-de-genero-a-situacao-do-brasil-e-as-solucoes-da-gol-de-letra\/\",\"name\":\"ODS 5 \u2013 Igualdade de G\u00eanero: a situa\u00e7\u00e3o do Brasil e as solu\u00e7\u00f5es da Gol de Letra\",\"isPartOf\":{\"@id\":\"https:\/\/goldeletra.org.br\/#website\"},\"primaryImageOfPage\":{\"@id\":\"https:\/\/goldeletra.org.br\/ods-5-igualdade-de-genero-a-situacao-do-brasil-e-as-solucoes-da-gol-de-letra\/#primaryimage\"},\"image\":{\"@id\":\"https:\/\/goldeletra.org.br\/ods-5-igualdade-de-genero-a-situacao-do-brasil-e-as-solucoes-da-gol-de-letra\/#primaryimage\"},\"thumbnailUrl\":\"https:\/\/goldeletra.org.br\/wp-content\/uploads\/2022\/12\/2022-12-08-15_10_03-Caixa-de-Entrada-barbara.mangieri@goldeletra.org_.br-Outlook.png\",\"datePublished\":\"2022-12-08T20:37:47+00:00\",\"dateModified\":\"2022-12-08T20:38:17+00:00\",\"breadcrumb\":{\"@id\":\"https:\/\/goldeletra.org.br\/ods-5-igualdade-de-genero-a-situacao-do-brasil-e-as-solucoes-da-gol-de-letra\/#breadcrumb\"},\"inLanguage\":\"en-US\",\"potentialAction\":[{\"@type\":\"ReadAction\",\"target\":[\"https:\/\/goldeletra.org.br\/ods-5-igualdade-de-genero-a-situacao-do-brasil-e-as-solucoes-da-gol-de-letra\/\"]}]},{\"@type\":\"ImageObject\",\"inLanguage\":\"en-US\",\"@id\":\"https:\/\/goldeletra.org.br\/ods-5-igualdade-de-genero-a-situacao-do-brasil-e-as-solucoes-da-gol-de-letra\/#primaryimage\",\"url\":\"https:\/\/goldeletra.org.br\/wp-content\/uploads\/2022\/12\/2022-12-08-15_10_03-Caixa-de-Entrada-barbara.mangieri@goldeletra.org_.br-Outlook.png\",\"contentUrl\":\"https:\/\/goldeletra.org.br\/wp-content\/uploads\/2022\/12\/2022-12-08-15_10_03-Caixa-de-Entrada-barbara.mangieri@goldeletra.org_.br-Outlook.png\",\"width\":710,\"height\":468},{\"@type\":\"BreadcrumbList\",\"@id\":\"https:\/\/goldeletra.org.br\/ods-5-igualdade-de-genero-a-situacao-do-brasil-e-as-solucoes-da-gol-de-letra\/#breadcrumb\",\"itemListElement\":[{\"@type\":\"ListItem\",\"position\":1,\"name\":\"Home\",\"item\":\"https:\/\/goldeletra.org.br\/\"},{\"@type\":\"ListItem\",\"position\":2,\"name\":\"ODS 5 \u2013 Igualdade de G\u00eanero: a situa\u00e7\u00e3o do Brasil e as solu\u00e7\u00f5es da Gol de Letra\"}]},{\"@type\":\"WebSite\",\"@id\":\"https:\/\/goldeletra.org.br\/#website\",\"url\":\"https:\/\/goldeletra.org.br\/\",\"name\":\"Funda\u00e7\u00e3o Gol de Letra\",\"description\":\"Organiza\u00e7\u00e3o sem fins lucrativos que contribui com a educa\u00e7\u00e3o de crian\u00e7as e jovens de comunidades populares para que tenham mais perspectivas de vida.\",\"publisher\":{\"@id\":\"https:\/\/goldeletra.org.br\/#organization\"},\"potentialAction\":[{\"@type\":\"SearchAction\",\"target\":{\"@type\":\"EntryPoint\",\"urlTemplate\":\"https:\/\/goldeletra.org.br\/?s={search_term_string}\"},\"query-input\":{\"@type\":\"PropertyValueSpecification\",\"valueRequired\":true,\"valueName\":\"search_term_string\"}}],\"inLanguage\":\"en-US\"},{\"@type\":\"Organization\",\"@id\":\"https:\/\/goldeletra.org.br\/#organization\",\"name\":\"Funda\u00e7\u00e3o Gol de Letra\",\"url\":\"https:\/\/goldeletra.org.br\/\",\"logo\":{\"@type\":\"ImageObject\",\"inLanguage\":\"en-US\",\"@id\":\"https:\/\/goldeletra.org.br\/#\/schema\/logo\/image\/\",\"url\":\"https:\/\/goldeletra.org.br\/wp-content\/uploads\/2020\/01\/logo.svg\",\"contentUrl\":\"https:\/\/goldeletra.org.br\/wp-content\/uploads\/2020\/01\/logo.svg\",\"caption\":\"Funda\u00e7\u00e3o Gol de Letra\"},\"image\":{\"@id\":\"https:\/\/goldeletra.org.br\/#\/schema\/logo\/image\/\"},\"sameAs\":[\"https:\/\/www.facebook.com\/FundacaoGolDeLetra\",\"https:\/\/www.instagram.com\/goldeletrabr\/\"]},{\"@type\":\"Person\",\"@id\":\"https:\/\/goldeletra.org.br\/#\/schema\/person\/707d8397415f8ddcdfffa10e2a690603\",\"name\":\"Comunica\u00e7\u00e3o SP\",\"image\":{\"@type\":\"ImageObject\",\"inLanguage\":\"en-US\",\"@id\":\"https:\/\/goldeletra.org.br\/#\/schema\/person\/image\/\",\"url\":\"https:\/\/secure.gravatar.com\/avatar\/?s=96&d=mm&r=g\",\"contentUrl\":\"https:\/\/secure.gravatar.com\/avatar\/?s=96&d=mm&r=g\",\"caption\":\"Comunica\u00e7\u00e3o SP\"},\"url\":\"https:\/\/goldeletra.org.br\/en\/author\/comunicacaosp\/\"}]}<\/script>\n<!-- \/ Yoast SEO plugin. -->","yoast_head_json":{"title":"ODS 5 \u2013 Igualdade de G\u00eanero: a situa\u00e7\u00e3o do Brasil e as solu\u00e7\u00f5es da Gol de Letra","robots":{"index":"index","follow":"follow","max-snippet":"max-snippet:-1","max-image-preview":"max-image-preview:large","max-video-preview":"max-video-preview:-1"},"canonical":"https:\/\/goldeletra.org.br\/en\/ods-5-igualdade-de-genero-a-situacao-do-brasil-e-as-solucoes-da-gol-de-letra\/","og_locale":"en_US","og_type":"article","og_title":"[:pt]ODS 5 \u2013 Igualdade de G\u00eanero: a situa\u00e7\u00e3o do Brasil e as solu\u00e7\u00f5es da Gol de Letra[:] - Funda\u00e7\u00e3o Gol de Letra","og_description":"\u201cAlcan\u00e7ar a igualdade de g\u00eanero e empoderar todas as mulheres e meninas\u201d \u00e9 a defini\u00e7\u00e3o do 5\u00ba Objetivo para um Desenvolvimento Sustent\u00e1vel (ODS) da Organiza\u00e7\u00e3o das Na\u00e7\u00f5es Unidas (ONU). A igualdade de g\u00eanero n\u00e3o \u00e9 apenas um dos 17 ODSs propostos, mas um pilar para que todos os outros sejam alcan\u00e7ados. Os objetivos s\u00e3o globais, [&hellip;]","og_url":"https:\/\/goldeletra.org.br\/en\/ods-5-igualdade-de-genero-a-situacao-do-brasil-e-as-solucoes-da-gol-de-letra\/","og_site_name":"Funda\u00e7\u00e3o Gol de Letra","article_publisher":"https:\/\/www.facebook.com\/FundacaoGolDeLetra","article_published_time":"2022-12-08T20:37:47+00:00","article_modified_time":"2022-12-08T20:38:17+00:00","og_image":[{"width":710,"height":468,"url":"https:\/\/goldeletra.org.br\/wp-content\/uploads\/2022\/12\/2022-12-08-15_10_03-Caixa-de-Entrada-barbara.mangieri@goldeletra.org_.br-Outlook.png","type":"image\/png"}],"author":"Comunica\u00e7\u00e3o SP","twitter_card":"summary_large_image","twitter_misc":{"Written by":"Comunica\u00e7\u00e3o SP","Est. reading time":"8 minutes"},"schema":{"@context":"https:\/\/schema.org","@graph":[{"@type":"Article","@id":"https:\/\/goldeletra.org.br\/ods-5-igualdade-de-genero-a-situacao-do-brasil-e-as-solucoes-da-gol-de-letra\/#article","isPartOf":{"@id":"https:\/\/goldeletra.org.br\/ods-5-igualdade-de-genero-a-situacao-do-brasil-e-as-solucoes-da-gol-de-letra\/"},"author":{"name":"Comunica\u00e7\u00e3o SP","@id":"https:\/\/goldeletra.org.br\/#\/schema\/person\/707d8397415f8ddcdfffa10e2a690603"},"headline":"ODS 5 \u2013 Igualdade de G\u00eanero: a situa\u00e7\u00e3o do Brasil e as solu\u00e7\u00f5es da Gol de Letra","datePublished":"2022-12-08T20:37:47+00:00","dateModified":"2022-12-08T20:38:17+00:00","mainEntityOfPage":{"@id":"https:\/\/goldeletra.org.br\/ods-5-igualdade-de-genero-a-situacao-do-brasil-e-as-solucoes-da-gol-de-letra\/"},"wordCount":1672,"commentCount":0,"publisher":{"@id":"https:\/\/goldeletra.org.br\/#organization"},"image":{"@id":"https:\/\/goldeletra.org.br\/ods-5-igualdade-de-genero-a-situacao-do-brasil-e-as-solucoes-da-gol-de-letra\/#primaryimage"},"thumbnailUrl":"https:\/\/goldeletra.org.br\/wp-content\/uploads\/2022\/12\/2022-12-08-15_10_03-Caixa-de-Entrada-barbara.mangieri@goldeletra.org_.br-Outlook.png","articleSection":["Sem categoria"],"inLanguage":"en-US","potentialAction":[{"@type":"CommentAction","name":"Comment","target":["https:\/\/goldeletra.org.br\/ods-5-igualdade-de-genero-a-situacao-do-brasil-e-as-solucoes-da-gol-de-letra\/#respond"]}]},{"@type":"WebPage","@id":"https:\/\/goldeletra.org.br\/ods-5-igualdade-de-genero-a-situacao-do-brasil-e-as-solucoes-da-gol-de-letra\/","url":"https:\/\/goldeletra.org.br\/ods-5-igualdade-de-genero-a-situacao-do-brasil-e-as-solucoes-da-gol-de-letra\/","name":"ODS 5 \u2013 Igualdade de G\u00eanero: a situa\u00e7\u00e3o do Brasil e as solu\u00e7\u00f5es da Gol de Letra","isPartOf":{"@id":"https:\/\/goldeletra.org.br\/#website"},"primaryImageOfPage":{"@id":"https:\/\/goldeletra.org.br\/ods-5-igualdade-de-genero-a-situacao-do-brasil-e-as-solucoes-da-gol-de-letra\/#primaryimage"},"image":{"@id":"https:\/\/goldeletra.org.br\/ods-5-igualdade-de-genero-a-situacao-do-brasil-e-as-solucoes-da-gol-de-letra\/#primaryimage"},"thumbnailUrl":"https:\/\/goldeletra.org.br\/wp-content\/uploads\/2022\/12\/2022-12-08-15_10_03-Caixa-de-Entrada-barbara.mangieri@goldeletra.org_.br-Outlook.png","datePublished":"2022-12-08T20:37:47+00:00","dateModified":"2022-12-08T20:38:17+00:00","breadcrumb":{"@id":"https:\/\/goldeletra.org.br\/ods-5-igualdade-de-genero-a-situacao-do-brasil-e-as-solucoes-da-gol-de-letra\/#breadcrumb"},"inLanguage":"en-US","potentialAction":[{"@type":"ReadAction","target":["https:\/\/goldeletra.org.br\/ods-5-igualdade-de-genero-a-situacao-do-brasil-e-as-solucoes-da-gol-de-letra\/"]}]},{"@type":"ImageObject","inLanguage":"en-US","@id":"https:\/\/goldeletra.org.br\/ods-5-igualdade-de-genero-a-situacao-do-brasil-e-as-solucoes-da-gol-de-letra\/#primaryimage","url":"https:\/\/goldeletra.org.br\/wp-content\/uploads\/2022\/12\/2022-12-08-15_10_03-Caixa-de-Entrada-barbara.mangieri@goldeletra.org_.br-Outlook.png","contentUrl":"https:\/\/goldeletra.org.br\/wp-content\/uploads\/2022\/12\/2022-12-08-15_10_03-Caixa-de-Entrada-barbara.mangieri@goldeletra.org_.br-Outlook.png","width":710,"height":468},{"@type":"BreadcrumbList","@id":"https:\/\/goldeletra.org.br\/ods-5-igualdade-de-genero-a-situacao-do-brasil-e-as-solucoes-da-gol-de-letra\/#breadcrumb","itemListElement":[{"@type":"ListItem","position":1,"name":"Home","item":"https:\/\/goldeletra.org.br\/"},{"@type":"ListItem","position":2,"name":"ODS 5 \u2013 Igualdade de G\u00eanero: a situa\u00e7\u00e3o do Brasil e as solu\u00e7\u00f5es da Gol de Letra"}]},{"@type":"WebSite","@id":"https:\/\/goldeletra.org.br\/#website","url":"https:\/\/goldeletra.org.br\/","name":"Funda\u00e7\u00e3o Gol de Letra","description":"Organiza\u00e7\u00e3o sem fins lucrativos que contribui com a educa\u00e7\u00e3o de crian\u00e7as e jovens de comunidades populares para que tenham mais perspectivas de vida.","publisher":{"@id":"https:\/\/goldeletra.org.br\/#organization"},"potentialAction":[{"@type":"SearchAction","target":{"@type":"EntryPoint","urlTemplate":"https:\/\/goldeletra.org.br\/?s={search_term_string}"},"query-input":{"@type":"PropertyValueSpecification","valueRequired":true,"valueName":"search_term_string"}}],"inLanguage":"en-US"},{"@type":"Organization","@id":"https:\/\/goldeletra.org.br\/#organization","name":"Funda\u00e7\u00e3o Gol de Letra","url":"https:\/\/goldeletra.org.br\/","logo":{"@type":"ImageObject","inLanguage":"en-US","@id":"https:\/\/goldeletra.org.br\/#\/schema\/logo\/image\/","url":"https:\/\/goldeletra.org.br\/wp-content\/uploads\/2020\/01\/logo.svg","contentUrl":"https:\/\/goldeletra.org.br\/wp-content\/uploads\/2020\/01\/logo.svg","caption":"Funda\u00e7\u00e3o Gol de Letra"},"image":{"@id":"https:\/\/goldeletra.org.br\/#\/schema\/logo\/image\/"},"sameAs":["https:\/\/www.facebook.com\/FundacaoGolDeLetra","https:\/\/www.instagram.com\/goldeletrabr\/"]},{"@type":"Person","@id":"https:\/\/goldeletra.org.br\/#\/schema\/person\/707d8397415f8ddcdfffa10e2a690603","name":"Comunica\u00e7\u00e3o SP","image":{"@type":"ImageObject","inLanguage":"en-US","@id":"https:\/\/goldeletra.org.br\/#\/schema\/person\/image\/","url":"https:\/\/secure.gravatar.com\/avatar\/?s=96&d=mm&r=g","contentUrl":"https:\/\/secure.gravatar.com\/avatar\/?s=96&d=mm&r=g","caption":"Comunica\u00e7\u00e3o SP"},"url":"https:\/\/goldeletra.org.br\/en\/author\/comunicacaosp\/"}]}},"_links":{"self":[{"href":"https:\/\/goldeletra.org.br\/en\/wp-json\/wp\/v2\/posts\/4669","targetHints":{"allow":["GET"]}}],"collection":[{"href":"https:\/\/goldeletra.org.br\/en\/wp-json\/wp\/v2\/posts"}],"about":[{"href":"https:\/\/goldeletra.org.br\/en\/wp-json\/wp\/v2\/types\/post"}],"author":[{"embeddable":true,"href":"https:\/\/goldeletra.org.br\/en\/wp-json\/wp\/v2\/users\/4"}],"replies":[{"embeddable":true,"href":"https:\/\/goldeletra.org.br\/en\/wp-json\/wp\/v2\/comments?post=4669"}],"version-history":[{"count":2,"href":"https:\/\/goldeletra.org.br\/en\/wp-json\/wp\/v2\/posts\/4669\/revisions"}],"predecessor-version":[{"id":4672,"href":"https:\/\/goldeletra.org.br\/en\/wp-json\/wp\/v2\/posts\/4669\/revisions\/4672"}],"wp:featuredmedia":[{"embeddable":true,"href":"https:\/\/goldeletra.org.br\/en\/wp-json\/wp\/v2\/media\/4670"}],"wp:attachment":[{"href":"https:\/\/goldeletra.org.br\/en\/wp-json\/wp\/v2\/media?parent=4669"}],"wp:term":[{"taxonomy":"category","embeddable":true,"href":"https:\/\/goldeletra.org.br\/en\/wp-json\/wp\/v2\/categories?post=4669"},{"taxonomy":"post_tag","embeddable":true,"href":"https:\/\/goldeletra.org.br\/en\/wp-json\/wp\/v2\/tags?post=4669"}],"curies":[{"name":"wp","href":"https:\/\/api.w.org\/{rel}","templated":true}]}}