{"id":4574,"date":"2022-10-27T16:21:47","date_gmt":"2022-10-27T19:21:47","guid":{"rendered":"https:\/?p=4574"},"modified":"2022-10-27T16:21:48","modified_gmt":"2022-10-27T19:21:48","slug":"seminario-gol-de-letra-debate-educacao-esporte-e-assistencia-social","status":"publish","type":"post","link":"https:\/\/goldeletra.org.br\/fr\/seminario-gol-de-letra-debate-educacao-esporte-e-assistencia-social\/","title":{"rendered":"Semin\u00e1rio Gol de Letra debate Educa\u00e7\u00e3o, Esporte e Assist\u00eancia Social"},"content":{"rendered":"\n<p>No\ndia 15 de setembro, a Funda\u00e7\u00e3o Gol de Letra realizou o semin\u00e1rio \u201cEduca\u00e7\u00e3o,\nEsporte e Assist\u00eancia Social &#8211; Uma articula\u00e7\u00e3o poss\u00edvel e necess\u00e1ria\u201d. O evento\nteve como objetivo debater a rela\u00e7\u00e3o entre teoria e pr\u00e1tica dos princ\u00edpios que\nnorteiam o trabalho das organiza\u00e7\u00f5es da sociedade civil que buscam promover atividades\ndentro desses tr\u00eas pilares.<\/p>\n\n\n\n<p>O evento teve a abertura do diretor, Sostenes Oliveira, que destacou a import\u00e2ncia do semin\u00e1rio e a trajet\u00f3ria da Funda\u00e7\u00e3o para promover a educa\u00e7\u00e3o integral de crian\u00e7as, adolescentes e jovens por meio de esporte, cultura e forma\u00e7\u00e3o para o trabalho. Sostenes acrescenta &#8211; <em>\u201cA equa\u00e7\u00e3o que movimenta o dia a dia da funda\u00e7\u00e3o \u00e9 o crescimento das crian\u00e7as e jovens em busca de uma nova vis\u00e3o de mundo proporcionada pela amplia\u00e7\u00e3o do seu universo cultural e o prazer em aprender\u201d.<\/em><\/p>\n\n\n\n<figure class=\"wp-block-image\"><img loading=\"lazy\" decoding=\"async\" width=\"1024\" height=\"626\" src=\"https:\/\/goldeletra.org.br\/wp-content\/uploads\/2022\/10\/SEMIN\u00c1RIO-GDL-57-1-1024x626.jpg\" alt=\"\" class=\"wp-image-4578\" srcset=\"https:\/\/goldeletra.org.br\/wp-content\/uploads\/2022\/10\/SEMIN\u00c1RIO-GDL-57-1-1024x626.jpg 1024w, https:\/\/goldeletra.org.br\/wp-content\/uploads\/2022\/10\/SEMIN\u00c1RIO-GDL-57-1-300x183.jpg 300w, https:\/\/goldeletra.org.br\/wp-content\/uploads\/2022\/10\/SEMIN\u00c1RIO-GDL-57-1-768x470.jpg 768w\" sizes=\"auto, (max-width: 1024px) 100vw, 1024px\" \/><\/figure>\n\n\n\n<p>Na\nmesa 1 aconteceu o debate sobre Educa\u00e7\u00e3o Integral e Assist\u00eancia Social\npossibilidades e limites na atualidade e contou com a media\u00e7\u00e3o de Carolina\nNunes, assistente social do CRAS XV de Maio. Para o debate, a mesa teve como\nconvidadas a Dra. Gleyce Figueiredo, assistente Social, mestre e doutora em servi\u00e7o\nsocial e Raiana Ribeiro, coordenadora de programas da Cidade Escola Aprendiz. <\/p>\n\n\n\n<p>Raiana Ribeiro deu in\u00edcio ao debate trazendo dados de como a pandemia afetou as fam\u00edlias, principalmente as fam\u00edlias com crian\u00e7as e adolescente. A coordenadora tamb\u00e9m ressaltou como a pobreza impacta nas vidas desses jovens, n\u00e3o s\u00f3 pela falta de recursos monet\u00e1rios, mas tamb\u00e9m pelas priva\u00e7\u00f5es que ela causa para o seu desenvolvimento. Em seguida foi a vez da Dra. Gleyce Figueiredo trazendo sua perspectiva sobre a educa\u00e7\u00e3o integral. Gleyce ressalta a import\u00e2ncia da educa\u00e7\u00e3o que possibilite uma verdadeira constru\u00e7\u00e3o de conhecimento e n\u00e3o s\u00f3 o fato de ocupar o tempo integral de vida do estudante com qualquer atividade. Para isso, trouxe ao debate a import\u00e2ncia da escola p\u00fablica, n\u00e3o s\u00f3 como meio de educa\u00e7\u00e3o de base, mas tamb\u00e9m como acesso \u00e0 cultura e lazer.<\/p>\n\n\n\n<figure class=\"wp-block-image\"><img loading=\"lazy\" decoding=\"async\" width=\"1024\" height=\"691\" src=\"https:\/\/goldeletra.org.br\/wp-content\/uploads\/2022\/10\/SEMIN\u00c1RIO-GDL-65-1-1024x691.jpg\" alt=\"\" class=\"wp-image-4577\" srcset=\"https:\/\/goldeletra.org.br\/wp-content\/uploads\/2022\/10\/SEMIN\u00c1RIO-GDL-65-1-1024x691.jpg 1024w, https:\/\/goldeletra.org.br\/wp-content\/uploads\/2022\/10\/SEMIN\u00c1RIO-GDL-65-1-300x202.jpg 300w, https:\/\/goldeletra.org.br\/wp-content\/uploads\/2022\/10\/SEMIN\u00c1RIO-GDL-65-1-768x518.jpg 768w\" sizes=\"auto, (max-width: 1024px) 100vw, 1024px\" \/><\/figure>\n\n\n\n<p>A\nmesa 2 contou com as participa\u00e7\u00f5es de Felipe Pitaro, gerente da Funda\u00e7\u00e3o Gol de\nLetra &#8211; RJ e de Fatima Freire, pedagoga, educadora e autora do livro &#8211; Quem\neduca marca o corpo do outro e teve a media\u00e7\u00e3o de Thain\u00e1 Pinnola, coordenadora\nde esportes da Escola Municipal GEO Juan Ant\u00f4nio Samaranch. A mesa teve como\ntema: \u201cEsporte educacional como possibilidade no desenvolvimento humano\u201d e o\nobjetivo foi debater o esporte educacional para o desenvolvimento dos sujeitos.<\/p>\n\n\n\n<p>F\u00e1tima abriu a mesa introduzindo 3 conceitos: coragem, generosidade e amorosidade para marcar o corpo dos alunos e sobre a import\u00e2ncia da fala do educador e como isso pode marcar o corpo do outro. Freire acrescenta sobre o cuidado para que o discurso seja entendido e n\u00e3o gere traumas nos indiv\u00edduos. Logo foi a vez de Felipe Pitaro debater os princ\u00edpios do esporte educacional como forma de criar um espa\u00e7o de liberdade, presen\u00e7a e di\u00e1logo para transformar as pessoas. Pitaro complementa com a import\u00e2ncia de os espa\u00e7os de viv\u00eancia apresentarem possibilidades e colabora\u00e7\u00e3o no processo de escolhas para essa transforma\u00e7\u00e3o.<\/p>\n\n\n\n<figure class=\"wp-block-image\"><img loading=\"lazy\" decoding=\"async\" width=\"1024\" height=\"678\" src=\"https:\/\/goldeletra.org.br\/wp-content\/uploads\/2022\/10\/SEMIN\u00c1RIO-GDL-214-1-1024x678.jpg\" alt=\"\" class=\"wp-image-4576\" srcset=\"https:\/\/goldeletra.org.br\/wp-content\/uploads\/2022\/10\/SEMIN\u00c1RIO-GDL-214-1-1024x678.jpg 1024w, https:\/\/goldeletra.org.br\/wp-content\/uploads\/2022\/10\/SEMIN\u00c1RIO-GDL-214-1-300x199.jpg 300w, https:\/\/goldeletra.org.br\/wp-content\/uploads\/2022\/10\/SEMIN\u00c1RIO-GDL-214-1-768x508.jpg 768w\" sizes=\"auto, (max-width: 1024px) 100vw, 1024px\" \/><\/figure>\n\n\n\n<p>Para\nfinalizar nosso semin\u00e1rio tivemos a mesa 3 debatendo \u201cExperi\u00eancias e\npossibilidades na pr\u00e1tica\u201d. E para essa troca tivemos a participa\u00e7\u00e3o de Andr\u00e9\nAlc\u00e2ntara Martins, coordenador de desenvolvimento esportivo do Projeto Grael, Roberto\nCust\u00f3dio, coordenador de projeto\ne esportivo na institui\u00e7\u00e3o Luta pela Paz e Aderl\u00facia Nascimento, coordenadora nacional\nda dissemina\u00e7\u00e3o da metodologia Treino Social pelo Instituto Fam\u00edlia Barrichello\ncomo mediadora da mesa.<\/p>\n\n\n\n<p>Andr\u00e9 Martins deu in\u00edcio ao debate contando sobre o Projeto Grael e o processo de transforma\u00e7\u00e3o dos jovens atrav\u00e9s da cultura mar\u00edtima, ampliando o acesso aos esportes n\u00e1uticos, utilizando-os como instrumento de educa\u00e7\u00e3o, de estimulo a profissionaliza\u00e7\u00e3o, constru\u00e7\u00e3o de cidadania e inclus\u00e3o social. Em seguida Roberto Cust\u00f3dio contou sua trajet\u00f3ria de 22 anos dentro do projeto Luta pela Paz. Cust\u00f3dio que j\u00e1 foi atleta ol\u00edmpico de boxe e hoje se tornou coordenador do projeto, trouxe aos participantes do evento o exemplo de como o esporte dentro de territ\u00f3rios perif\u00e9ricos pode transformar vidas atrav\u00e9s do desenvolvimento pessoal, cultural e valores. <\/p>\n\n\n\n<figure class=\"wp-block-image\"><img loading=\"lazy\" decoding=\"async\" width=\"1024\" height=\"621\" src=\"https:\/\/goldeletra.org.br\/wp-content\/uploads\/2022\/10\/SEMIN\u00c1RIO-GDL-283-1-1024x621.jpg\" alt=\"\" class=\"wp-image-4575\" srcset=\"https:\/\/goldeletra.org.br\/wp-content\/uploads\/2022\/10\/SEMIN\u00c1RIO-GDL-283-1-1024x621.jpg 1024w, https:\/\/goldeletra.org.br\/wp-content\/uploads\/2022\/10\/SEMIN\u00c1RIO-GDL-283-1-300x182.jpg 300w, https:\/\/goldeletra.org.br\/wp-content\/uploads\/2022\/10\/SEMIN\u00c1RIO-GDL-283-1-768x466.jpg 768w\" sizes=\"auto, (max-width: 1024px) 100vw, 1024px\" \/><\/figure>\n\n\n\n<p>O Semin\u00e1rio \u201cEduca\u00e7\u00e3o, Esporte e Assist\u00eancia Social &#8211; Uma articula\u00e7\u00e3o poss\u00edvel e necess\u00e1ria\u201d foi realizado com o patroc\u00ednio da Petrobras atrav\u00e9s do programa Petrobras Socioambiental e contou com mais de 100 participantes presenciais e acumula mais de 800 visualiza\u00e7\u00f5es online. Ficou interessado em assistir na integra? Os v\u00eddeos est\u00e3o dispon\u00edveis no canal da Funda\u00e7\u00e3o Gol de Letra no Youtube. J\u00e1 estamos ansiosos pelo pr\u00f3ximo!<\/p>\n\n\n\n<figure class=\"wp-block-image\"><img loading=\"lazy\" decoding=\"async\" width=\"1024\" height=\"336\" src=\"https:\/\/goldeletra.org.br\/wp-content\/uploads\/2022\/10\/Rodap\u00e9_PETRO2-1024x336.png\" alt=\"\" class=\"wp-image-4579\" srcset=\"https:\/\/goldeletra.org.br\/wp-content\/uploads\/2022\/10\/Rodap\u00e9_PETRO2-1024x336.png 1024w, https:\/\/goldeletra.org.br\/wp-content\/uploads\/2022\/10\/Rodap\u00e9_PETRO2-300x98.png 300w, https:\/\/goldeletra.org.br\/wp-content\/uploads\/2022\/10\/Rodap\u00e9_PETRO2-768x252.png 768w, https:\/\/goldeletra.org.br\/wp-content\/uploads\/2022\/10\/Rodap\u00e9_PETRO2.png 1920w\" sizes=\"auto, (max-width: 1024px) 100vw, 1024px\" \/><\/figure>\n","protected":false},"excerpt":{"rendered":"<p>No dia 15 de setembro, a Funda\u00e7\u00e3o Gol de Letra realizou o semin\u00e1rio \u201cEduca\u00e7\u00e3o, Esporte e Assist\u00eancia Social &#8211; Uma articula\u00e7\u00e3o poss\u00edvel e necess\u00e1ria\u201d. O evento teve como objetivo debater a rela\u00e7\u00e3o entre teoria e pr\u00e1tica dos princ\u00edpios que norteiam o trabalho das organiza\u00e7\u00f5es da sociedade civil que buscam promover atividades dentro desses tr\u00eas pilares. [&hellip;]<\/p>\n","protected":false},"author":3,"featured_media":4576,"comment_status":"open","ping_status":"open","sticky":false,"template":"","format":"standard","meta":{"inline_featured_image":false,"footnotes":""},"categories":[1],"tags":[],"class_list":["post-4574","post","type-post","status-publish","format-standard","has-post-thumbnail","hentry","category-sem-categoria"],"yoast_head":"<!-- This site is optimized with the Yoast SEO plugin v26.6 - https:\/\/yoast.com\/wordpress\/plugins\/seo\/ -->\n<title>Semin\u00e1rio Gol de Letra debate Educa\u00e7\u00e3o, Esporte e Assist\u00eancia Social<\/title>\n<meta name=\"robots\" content=\"index, follow, max-snippet:-1, max-image-preview:large, max-video-preview:-1\" \/>\n<link rel=\"canonical\" href=\"https:\/\/goldeletra.org.br\/fr\/seminario-gol-de-letra-debate-educacao-esporte-e-assistencia-social\/\" \/>\n<meta property=\"og:locale\" content=\"fr_FR\" \/>\n<meta property=\"og:locale:alternate\" content=\"en_US\" \/>\n<meta property=\"og:locale:alternate\" content=\"pt_BR\" \/>\n<meta property=\"og:type\" content=\"article\" \/>\n<meta property=\"og:title\" content=\"Semin\u00e1rio Gol de Letra debate Educa\u00e7\u00e3o, Esporte e Assist\u00eancia Social\" \/>\n<meta property=\"og:description\" content=\"No dia 15 de setembro, a Funda\u00e7\u00e3o Gol de Letra realizou o semin\u00e1rio \u201cEduca\u00e7\u00e3o, Esporte e Assist\u00eancia Social &#8211; Uma articula\u00e7\u00e3o poss\u00edvel e necess\u00e1ria\u201d. O evento teve como objetivo debater a rela\u00e7\u00e3o entre teoria e pr\u00e1tica dos princ\u00edpios que norteiam o trabalho das organiza\u00e7\u00f5es da sociedade civil que buscam promover atividades dentro desses tr\u00eas pilares. [&hellip;]\" \/>\n<meta property=\"og:url\" content=\"https:\/\/goldeletra.org.br\/fr\/seminario-gol-de-letra-debate-educacao-esporte-e-assistencia-social\/\" \/>\n<meta property=\"og:site_name\" content=\"Funda\u00e7\u00e3o Gol de Letra\" \/>\n<meta property=\"article:publisher\" content=\"https:\/\/www.facebook.com\/FundacaoGolDeLetra\" \/>\n<meta property=\"article:published_time\" content=\"2022-10-27T19:21:47+00:00\" \/>\n<meta property=\"article:modified_time\" content=\"2022-10-27T19:21:48+00:00\" \/>\n<meta property=\"og:image\" content=\"https:\/\/goldeletra.org.br\/wp-content\/uploads\/2022\/10\/SEMIN\u00c1RIO-GDL-214-1-1024x678.jpg\" \/>\n\t<meta property=\"og:image:width\" content=\"1024\" \/>\n\t<meta property=\"og:image:height\" content=\"678\" \/>\n\t<meta property=\"og:image:type\" content=\"image\/jpeg\" \/>\n<meta name=\"author\" content=\"Marcella Alves\" \/>\n<meta name=\"twitter:card\" content=\"summary_large_image\" \/>\n<meta name=\"twitter:label1\" content=\"\u00c9crit par\" \/>\n\t<meta name=\"twitter:data1\" content=\"Marcella Alves\" \/>\n\t<meta name=\"twitter:label2\" content=\"Dur\u00e9e de lecture estim\u00e9e\" \/>\n\t<meta name=\"twitter:data2\" content=\"4 minutes\" \/>\n<script type=\"application\/ld+json\" class=\"yoast-schema-graph\">{\"@context\":\"https:\/\/schema.org\",\"@graph\":[{\"@type\":\"Article\",\"@id\":\"https:\/\/goldeletra.org.br\/seminario-gol-de-letra-debate-educacao-esporte-e-assistencia-social\/#article\",\"isPartOf\":{\"@id\":\"https:\/\/goldeletra.org.br\/seminario-gol-de-letra-debate-educacao-esporte-e-assistencia-social\/\"},\"author\":{\"name\":\"Marcella Alves\",\"@id\":\"https:\/\/goldeletra.org.br\/#\/schema\/person\/f55a576d4ef5fcd3114193572e6fcf15\"},\"headline\":\"Semin\u00e1rio Gol de Letra debate Educa\u00e7\u00e3o, Esporte e Assist\u00eancia Social\",\"datePublished\":\"2022-10-27T19:21:47+00:00\",\"dateModified\":\"2022-10-27T19:21:48+00:00\",\"mainEntityOfPage\":{\"@id\":\"https:\/\/goldeletra.org.br\/seminario-gol-de-letra-debate-educacao-esporte-e-assistencia-social\/\"},\"wordCount\":834,\"commentCount\":0,\"publisher\":{\"@id\":\"https:\/\/goldeletra.org.br\/#organization\"},\"image\":{\"@id\":\"https:\/\/goldeletra.org.br\/seminario-gol-de-letra-debate-educacao-esporte-e-assistencia-social\/#primaryimage\"},\"thumbnailUrl\":\"https:\/\/goldeletra.org.br\/wp-content\/uploads\/2022\/10\/SEMIN\u00c1RIO-GDL-214-1.jpg\",\"articleSection\":[\"Sans cat\u00e9gorie\"],\"inLanguage\":\"fr\",\"potentialAction\":[{\"@type\":\"CommentAction\",\"name\":\"Comment\",\"target\":[\"https:\/\/goldeletra.org.br\/seminario-gol-de-letra-debate-educacao-esporte-e-assistencia-social\/#respond\"]}]},{\"@type\":\"WebPage\",\"@id\":\"https:\/\/goldeletra.org.br\/seminario-gol-de-letra-debate-educacao-esporte-e-assistencia-social\/\",\"url\":\"https:\/\/goldeletra.org.br\/seminario-gol-de-letra-debate-educacao-esporte-e-assistencia-social\/\",\"name\":\"Semin\u00e1rio Gol de Letra debate Educa\u00e7\u00e3o, Esporte e Assist\u00eancia Social\",\"isPartOf\":{\"@id\":\"https:\/\/goldeletra.org.br\/#website\"},\"primaryImageOfPage\":{\"@id\":\"https:\/\/goldeletra.org.br\/seminario-gol-de-letra-debate-educacao-esporte-e-assistencia-social\/#primaryimage\"},\"image\":{\"@id\":\"https:\/\/goldeletra.org.br\/seminario-gol-de-letra-debate-educacao-esporte-e-assistencia-social\/#primaryimage\"},\"thumbnailUrl\":\"https:\/\/goldeletra.org.br\/wp-content\/uploads\/2022\/10\/SEMIN\u00c1RIO-GDL-214-1.jpg\",\"datePublished\":\"2022-10-27T19:21:47+00:00\",\"dateModified\":\"2022-10-27T19:21:48+00:00\",\"breadcrumb\":{\"@id\":\"https:\/\/goldeletra.org.br\/seminario-gol-de-letra-debate-educacao-esporte-e-assistencia-social\/#breadcrumb\"},\"inLanguage\":\"fr\",\"potentialAction\":[{\"@type\":\"ReadAction\",\"target\":[\"https:\/\/goldeletra.org.br\/seminario-gol-de-letra-debate-educacao-esporte-e-assistencia-social\/\"]}]},{\"@type\":\"ImageObject\",\"inLanguage\":\"fr\",\"@id\":\"https:\/\/goldeletra.org.br\/seminario-gol-de-letra-debate-educacao-esporte-e-assistencia-social\/#primaryimage\",\"url\":\"https:\/\/goldeletra.org.br\/wp-content\/uploads\/2022\/10\/SEMIN\u00c1RIO-GDL-214-1.jpg\",\"contentUrl\":\"https:\/\/goldeletra.org.br\/wp-content\/uploads\/2022\/10\/SEMIN\u00c1RIO-GDL-214-1.jpg\",\"width\":3000,\"height\":1986},{\"@type\":\"BreadcrumbList\",\"@id\":\"https:\/\/goldeletra.org.br\/seminario-gol-de-letra-debate-educacao-esporte-e-assistencia-social\/#breadcrumb\",\"itemListElement\":[{\"@type\":\"ListItem\",\"position\":1,\"name\":\"Home\",\"item\":\"https:\/\/goldeletra.org.br\/\"},{\"@type\":\"ListItem\",\"position\":2,\"name\":\"Semin\u00e1rio Gol de Letra debate Educa\u00e7\u00e3o, Esporte e Assist\u00eancia Social\"}]},{\"@type\":\"WebSite\",\"@id\":\"https:\/\/goldeletra.org.br\/#website\",\"url\":\"https:\/\/goldeletra.org.br\/\",\"name\":\"Funda\u00e7\u00e3o Gol de Letra\",\"description\":\"Organiza\u00e7\u00e3o sem fins lucrativos que contribui com a educa\u00e7\u00e3o de crian\u00e7as e jovens de comunidades populares para que tenham mais perspectivas de vida.\",\"publisher\":{\"@id\":\"https:\/\/goldeletra.org.br\/#organization\"},\"potentialAction\":[{\"@type\":\"SearchAction\",\"target\":{\"@type\":\"EntryPoint\",\"urlTemplate\":\"https:\/\/goldeletra.org.br\/?s={search_term_string}\"},\"query-input\":{\"@type\":\"PropertyValueSpecification\",\"valueRequired\":true,\"valueName\":\"search_term_string\"}}],\"inLanguage\":\"fr\"},{\"@type\":\"Organization\",\"@id\":\"https:\/\/goldeletra.org.br\/#organization\",\"name\":\"Funda\u00e7\u00e3o Gol de Letra\",\"url\":\"https:\/\/goldeletra.org.br\/\",\"logo\":{\"@type\":\"ImageObject\",\"inLanguage\":\"fr\",\"@id\":\"https:\/\/goldeletra.org.br\/#\/schema\/logo\/image\/\",\"url\":\"https:\/\/goldeletra.org.br\/wp-content\/uploads\/2020\/01\/logo.svg\",\"contentUrl\":\"https:\/\/goldeletra.org.br\/wp-content\/uploads\/2020\/01\/logo.svg\",\"caption\":\"Funda\u00e7\u00e3o Gol de Letra\"},\"image\":{\"@id\":\"https:\/\/goldeletra.org.br\/#\/schema\/logo\/image\/\"},\"sameAs\":[\"https:\/\/www.facebook.com\/FundacaoGolDeLetra\",\"https:\/\/www.instagram.com\/goldeletrabr\/\"]},{\"@type\":\"Person\",\"@id\":\"https:\/\/goldeletra.org.br\/#\/schema\/person\/f55a576d4ef5fcd3114193572e6fcf15\",\"name\":\"Marcella Alves\",\"image\":{\"@type\":\"ImageObject\",\"inLanguage\":\"fr\",\"@id\":\"https:\/\/goldeletra.org.br\/#\/schema\/person\/image\/\",\"url\":\"https:\/\/secure.gravatar.com\/avatar\/?s=96&d=mm&r=g\",\"contentUrl\":\"https:\/\/secure.gravatar.com\/avatar\/?s=96&d=mm&r=g\",\"caption\":\"Marcella Alves\"},\"url\":\"https:\/\/goldeletra.org.br\/fr\/author\/comunicacaorj\/\"}]}<\/script>\n<!-- \/ Yoast SEO plugin. -->","yoast_head_json":{"title":"Semin\u00e1rio Gol de Letra debate Educa\u00e7\u00e3o, Esporte e Assist\u00eancia Social","robots":{"index":"index","follow":"follow","max-snippet":"max-snippet:-1","max-image-preview":"max-image-preview:large","max-video-preview":"max-video-preview:-1"},"canonical":"https:\/\/goldeletra.org.br\/fr\/seminario-gol-de-letra-debate-educacao-esporte-e-assistencia-social\/","og_locale":"fr_FR","og_type":"article","og_title":"[:pt]Semin\u00e1rio Gol de Letra debate Educa\u00e7\u00e3o, Esporte e Assist\u00eancia Social[:] - Funda\u00e7\u00e3o Gol de Letra","og_description":"No dia 15 de setembro, a Funda\u00e7\u00e3o Gol de Letra realizou o semin\u00e1rio \u201cEduca\u00e7\u00e3o, Esporte e Assist\u00eancia Social &#8211; Uma articula\u00e7\u00e3o poss\u00edvel e necess\u00e1ria\u201d. O evento teve como objetivo debater a rela\u00e7\u00e3o entre teoria e pr\u00e1tica dos princ\u00edpios que norteiam o trabalho das organiza\u00e7\u00f5es da sociedade civil que buscam promover atividades dentro desses tr\u00eas pilares. [&hellip;]","og_url":"https:\/\/goldeletra.org.br\/fr\/seminario-gol-de-letra-debate-educacao-esporte-e-assistencia-social\/","og_site_name":"Funda\u00e7\u00e3o Gol de Letra","article_publisher":"https:\/\/www.facebook.com\/FundacaoGolDeLetra","article_published_time":"2022-10-27T19:21:47+00:00","article_modified_time":"2022-10-27T19:21:48+00:00","og_image":[{"width":1024,"height":678,"url":"https:\/\/goldeletra.org.br\/wp-content\/uploads\/2022\/10\/SEMIN\u00c1RIO-GDL-214-1-1024x678.jpg","type":"image\/jpeg"}],"author":"Marcella Alves","twitter_card":"summary_large_image","twitter_misc":{"\u00c9crit par":"Marcella Alves","Dur\u00e9e de lecture estim\u00e9e":"4 minutes"},"schema":{"@context":"https:\/\/schema.org","@graph":[{"@type":"Article","@id":"https:\/\/goldeletra.org.br\/seminario-gol-de-letra-debate-educacao-esporte-e-assistencia-social\/#article","isPartOf":{"@id":"https:\/\/goldeletra.org.br\/seminario-gol-de-letra-debate-educacao-esporte-e-assistencia-social\/"},"author":{"name":"Marcella Alves","@id":"https:\/\/goldeletra.org.br\/#\/schema\/person\/f55a576d4ef5fcd3114193572e6fcf15"},"headline":"Semin\u00e1rio Gol de Letra debate Educa\u00e7\u00e3o, Esporte e Assist\u00eancia Social","datePublished":"2022-10-27T19:21:47+00:00","dateModified":"2022-10-27T19:21:48+00:00","mainEntityOfPage":{"@id":"https:\/\/goldeletra.org.br\/seminario-gol-de-letra-debate-educacao-esporte-e-assistencia-social\/"},"wordCount":834,"commentCount":0,"publisher":{"@id":"https:\/\/goldeletra.org.br\/#organization"},"image":{"@id":"https:\/\/goldeletra.org.br\/seminario-gol-de-letra-debate-educacao-esporte-e-assistencia-social\/#primaryimage"},"thumbnailUrl":"https:\/\/goldeletra.org.br\/wp-content\/uploads\/2022\/10\/SEMIN\u00c1RIO-GDL-214-1.jpg","articleSection":["Sans cat\u00e9gorie"],"inLanguage":"fr","potentialAction":[{"@type":"CommentAction","name":"Comment","target":["https:\/\/goldeletra.org.br\/seminario-gol-de-letra-debate-educacao-esporte-e-assistencia-social\/#respond"]}]},{"@type":"WebPage","@id":"https:\/\/goldeletra.org.br\/seminario-gol-de-letra-debate-educacao-esporte-e-assistencia-social\/","url":"https:\/\/goldeletra.org.br\/seminario-gol-de-letra-debate-educacao-esporte-e-assistencia-social\/","name":"Semin\u00e1rio Gol de Letra debate Educa\u00e7\u00e3o, Esporte e Assist\u00eancia Social","isPartOf":{"@id":"https:\/\/goldeletra.org.br\/#website"},"primaryImageOfPage":{"@id":"https:\/\/goldeletra.org.br\/seminario-gol-de-letra-debate-educacao-esporte-e-assistencia-social\/#primaryimage"},"image":{"@id":"https:\/\/goldeletra.org.br\/seminario-gol-de-letra-debate-educacao-esporte-e-assistencia-social\/#primaryimage"},"thumbnailUrl":"https:\/\/goldeletra.org.br\/wp-content\/uploads\/2022\/10\/SEMIN\u00c1RIO-GDL-214-1.jpg","datePublished":"2022-10-27T19:21:47+00:00","dateModified":"2022-10-27T19:21:48+00:00","breadcrumb":{"@id":"https:\/\/goldeletra.org.br\/seminario-gol-de-letra-debate-educacao-esporte-e-assistencia-social\/#breadcrumb"},"inLanguage":"fr","potentialAction":[{"@type":"ReadAction","target":["https:\/\/goldeletra.org.br\/seminario-gol-de-letra-debate-educacao-esporte-e-assistencia-social\/"]}]},{"@type":"ImageObject","inLanguage":"fr","@id":"https:\/\/goldeletra.org.br\/seminario-gol-de-letra-debate-educacao-esporte-e-assistencia-social\/#primaryimage","url":"https:\/\/goldeletra.org.br\/wp-content\/uploads\/2022\/10\/SEMIN\u00c1RIO-GDL-214-1.jpg","contentUrl":"https:\/\/goldeletra.org.br\/wp-content\/uploads\/2022\/10\/SEMIN\u00c1RIO-GDL-214-1.jpg","width":3000,"height":1986},{"@type":"BreadcrumbList","@id":"https:\/\/goldeletra.org.br\/seminario-gol-de-letra-debate-educacao-esporte-e-assistencia-social\/#breadcrumb","itemListElement":[{"@type":"ListItem","position":1,"name":"Home","item":"https:\/\/goldeletra.org.br\/"},{"@type":"ListItem","position":2,"name":"Semin\u00e1rio Gol de Letra debate Educa\u00e7\u00e3o, Esporte e Assist\u00eancia Social"}]},{"@type":"WebSite","@id":"https:\/\/goldeletra.org.br\/#website","url":"https:\/\/goldeletra.org.br\/","name":"Funda\u00e7\u00e3o Gol de Letra","description":"Organiza\u00e7\u00e3o sem fins lucrativos que contribui com a educa\u00e7\u00e3o de crian\u00e7as e jovens de comunidades populares para que tenham mais perspectivas de vida.","publisher":{"@id":"https:\/\/goldeletra.org.br\/#organization"},"potentialAction":[{"@type":"SearchAction","target":{"@type":"EntryPoint","urlTemplate":"https:\/\/goldeletra.org.br\/?s={search_term_string}"},"query-input":{"@type":"PropertyValueSpecification","valueRequired":true,"valueName":"search_term_string"}}],"inLanguage":"fr"},{"@type":"Organization","@id":"https:\/\/goldeletra.org.br\/#organization","name":"Funda\u00e7\u00e3o Gol de Letra","url":"https:\/\/goldeletra.org.br\/","logo":{"@type":"ImageObject","inLanguage":"fr","@id":"https:\/\/goldeletra.org.br\/#\/schema\/logo\/image\/","url":"https:\/\/goldeletra.org.br\/wp-content\/uploads\/2020\/01\/logo.svg","contentUrl":"https:\/\/goldeletra.org.br\/wp-content\/uploads\/2020\/01\/logo.svg","caption":"Funda\u00e7\u00e3o Gol de Letra"},"image":{"@id":"https:\/\/goldeletra.org.br\/#\/schema\/logo\/image\/"},"sameAs":["https:\/\/www.facebook.com\/FundacaoGolDeLetra","https:\/\/www.instagram.com\/goldeletrabr\/"]},{"@type":"Person","@id":"https:\/\/goldeletra.org.br\/#\/schema\/person\/f55a576d4ef5fcd3114193572e6fcf15","name":"Marcella Alves","image":{"@type":"ImageObject","inLanguage":"fr","@id":"https:\/\/goldeletra.org.br\/#\/schema\/person\/image\/","url":"https:\/\/secure.gravatar.com\/avatar\/?s=96&d=mm&r=g","contentUrl":"https:\/\/secure.gravatar.com\/avatar\/?s=96&d=mm&r=g","caption":"Marcella Alves"},"url":"https:\/\/goldeletra.org.br\/fr\/author\/comunicacaorj\/"}]}},"_links":{"self":[{"href":"https:\/\/goldeletra.org.br\/fr\/wp-json\/wp\/v2\/posts\/4574","targetHints":{"allow":["GET"]}}],"collection":[{"href":"https:\/\/goldeletra.org.br\/fr\/wp-json\/wp\/v2\/posts"}],"about":[{"href":"https:\/\/goldeletra.org.br\/fr\/wp-json\/wp\/v2\/types\/post"}],"author":[{"embeddable":true,"href":"https:\/\/goldeletra.org.br\/fr\/wp-json\/wp\/v2\/users\/3"}],"replies":[{"embeddable":true,"href":"https:\/\/goldeletra.org.br\/fr\/wp-json\/wp\/v2\/comments?post=4574"}],"version-history":[{"count":1,"href":"https:\/\/goldeletra.org.br\/fr\/wp-json\/wp\/v2\/posts\/4574\/revisions"}],"predecessor-version":[{"id":4580,"href":"https:\/\/goldeletra.org.br\/fr\/wp-json\/wp\/v2\/posts\/4574\/revisions\/4580"}],"wp:featuredmedia":[{"embeddable":true,"href":"https:\/\/goldeletra.org.br\/fr\/wp-json\/wp\/v2\/media\/4576"}],"wp:attachment":[{"href":"https:\/\/goldeletra.org.br\/fr\/wp-json\/wp\/v2\/media?parent=4574"}],"wp:term":[{"taxonomy":"category","embeddable":true,"href":"https:\/\/goldeletra.org.br\/fr\/wp-json\/wp\/v2\/categories?post=4574"},{"taxonomy":"post_tag","embeddable":true,"href":"https:\/\/goldeletra.org.br\/fr\/wp-json\/wp\/v2\/tags?post=4574"}],"curies":[{"name":"wp","href":"https:\/\/api.w.org\/{rel}","templated":true}]}}